{"id":32748,"date":"2021-09-20T15:59:50","date_gmt":"2021-09-20T15:59:50","guid":{"rendered":"https:\/\/www.tillnau.de\/?p=32748"},"modified":"2022-09-16T16:01:11","modified_gmt":"2022-09-16T16:01:11","slug":"graefin-mariza","status":"publish","type":"post","link":"https:\/\/www.tillnau.de\/en\/2021\/09\/graefin-mariza\/","title":{"rendered":"Gr\u00e4fin Mariza"},"content":{"rendered":"<p>Das <strong>Staatstheater Karlsruhe<\/strong> bringt unter der Regie von <strong>Alexandra Frankmann\u00a0<\/strong>die Operette <strong>GR\u00c4FIN MARIZA <\/strong>von\u00a0<strong>Emmerich K\u00e1lm\u00e1ns <\/strong>auf die B\u00fchne. F\u00fcr die Choroegraphie wurde <strong>Till Nau<\/strong> verpflichtet. Die Musikalische Leitung \u00fcber nimmt der GMD <strong>Georg Fritzsch.<\/strong> Ausgestattet wird die Operette von <strong>Alfred Mayerhofer<\/strong>\u00a0(Kost\u00fcm) und <strong>Walter Vogelweider<\/strong>\u00a0(B\u00fchne). Gro\u00dfartig in einer A und B Besetzung wurden namenhafte S\u00e4nger-innen wie Kammers\u00e4ngerin <strong>Ina Schlingensieopen<\/strong> (Mariza), <strong>Anna Gabler\u00a0<\/strong>(Mariza), <strong>Alexander Geller<\/strong> und <b>Mehrzad Montazeri\u00a0<\/b>jeweils als Tassilo. \u00a0 \u00a0 \u00a0 \u00a0 \u00a0 \u00a0 \u00a0 \u00a0 \u00a0 \u00a0 \u00a0 \u00a0 \u00a0 \u00a0 \u00a0 \u00a0 \u00a0 \u00a0 \u00a0 \u00a0 \u00a0 \u00a0 \u00a0Die Premiere ist f\u00fcr den 11. Dezember 2021 geplant.<\/p>\n<p><a href=\"https:\/\/www.staatstheater.karlsruhe.de\/programm\/info\/3276\/\">https:\/\/www.staatstheater.karlsruhe.de\/programm\/info\/3276\/<\/a><\/p>\n<p>&nbsp;<\/p>\n","protected":false},"excerpt":{"rendered":"<p>Das Staatstheater Karlsruhe bringt unter der Regie von Alexandra Frankmann\u00a0die Operette GR\u00c4FIN MARIZA von\u00a0Emmerich K\u00e1lm\u00e1ns auf die B\u00fchne. F\u00fcr die Choroegraphie wurde Till Nau verpflichtet. Die Musikalische Leitung \u00fcber nimmt der GMD Georg Fritzsch. Ausgestattet wird die Operette von Alfred Mayerhofer\u00a0(Kost\u00fcm) und Walter Vogelweider\u00a0(B\u00fchne). Gro\u00dfartig in einer A und B Besetzung wurden namenhafte S\u00e4nger-innen wie [&hellip;]<\/p>\n","protected":false},"author":2,"featured_media":32650,"comment_status":"closed","ping_status":"open","sticky":false,"template":"","format":"standard","meta":{"_et_pb_use_builder":"","_et_pb_old_content":"","_et_gb_content_width":"","wds_primary_category":0,"footnotes":""},"categories":[20],"tags":[],"class_list":["post-32748","post","type-post","status-publish","format-standard","has-post-thumbnail","hentry","category-news"],"_links":{"self":[{"href":"https:\/\/www.tillnau.de\/en\/wp-json\/wp\/v2\/posts\/32748","targetHints":{"allow":["GET"]}}],"collection":[{"href":"https:\/\/www.tillnau.de\/en\/wp-json\/wp\/v2\/posts"}],"about":[{"href":"https:\/\/www.tillnau.de\/en\/wp-json\/wp\/v2\/types\/post"}],"author":[{"embeddable":true,"href":"https:\/\/www.tillnau.de\/en\/wp-json\/wp\/v2\/users\/2"}],"replies":[{"embeddable":true,"href":"https:\/\/www.tillnau.de\/en\/wp-json\/wp\/v2\/comments?post=32748"}],"version-history":[{"count":0,"href":"https:\/\/www.tillnau.de\/en\/wp-json\/wp\/v2\/posts\/32748\/revisions"}],"wp:featuredmedia":[{"embeddable":true,"href":"https:\/\/www.tillnau.de\/en\/wp-json\/wp\/v2\/media\/32650"}],"wp:attachment":[{"href":"https:\/\/www.tillnau.de\/en\/wp-json\/wp\/v2\/media?parent=32748"}],"wp:term":[{"taxonomy":"category","embeddable":true,"href":"https:\/\/www.tillnau.de\/en\/wp-json\/wp\/v2\/categories?post=32748"},{"taxonomy":"post_tag","embeddable":true,"href":"https:\/\/www.tillnau.de\/en\/wp-json\/wp\/v2\/tags?post=32748"}],"curies":[{"name":"wp","href":"https:\/\/api.w.org\/{rel}","templated":true}]}}